{"id":9167,"date":"2024-02-02T12:59:42","date_gmt":"2024-02-02T11:59:42","guid":{"rendered":"https:\/\/www.balboa.hr\/?p=9167"},"modified":"2024-02-22T10:22:52","modified_gmt":"2024-02-22T09:22:52","slug":"intertekstil-stanic-sajamski-stand","status":"publish","type":"post","link":"https:\/\/www.balboa.hr\/en\/intertekstil-stanic-sajamski-stand\/","title":{"rendered":"Intertekstil Stani\u0107 - Fair modular stand"},"content":{"rendered":"<style type=\"text\/css\" data-created_by=\"avia_inline_auto\" id=\"style-css-av-locqnrld-c62cd72c4ecb22dab93502b9f72fa7c5\">\n.avia-section.av-locqnrld-c62cd72c4ecb22dab93502b9f72fa7c5{\nbackground-repeat:no-repeat;\nbackground-image:url(https:\/\/www.balboa.hr\/wp-content\/uploads\/2024\/02\/10.jpg);\nbackground-position:50% 0%;\nbackground-attachment:fixed;\n}\n<\/style>\n<div id='av_section_1'  class='avia-section av-locqnrld-c62cd72c4ecb22dab93502b9f72fa7c5 main_color avia-section-default avia-no-border-styling  avia-builder-el-0  el_before_av_section  avia-builder-el-first  avia-full-stretch avia-bg-style-fixed av-minimum-height av-minimum-height-25 av-height-25  container_wrap fullsize'  data-section-bg-repeat='stretch' data-av_minimum_height_pc='25' data-av_min_height_opt='25'><div class='container av-section-cont-open' ><main  role=\"main\" itemprop=\"mainContentOfPage\"  class='template-page content  av-content-full alpha units'><div class='post-entry post-entry-type-page post-entry-9167'><div class='entry-content-wrapper clearfix'>\n<\/div><\/div><\/main><!-- close content main element --><\/div><\/div><div id='av_section_2'  class='avia-section av-4t8w56-0a638907995886a54526c1766625143b main_color avia-section-huge avia-no-border-styling  avia-builder-el-1  el_after_av_section  el_before_av_masonry_gallery  avia-bg-style-scroll container_wrap fullsize'  ><div class='container av-section-cont-open' ><div class='template-page content  av-content-full alpha units'><div class='post-entry post-entry-type-page post-entry-9167'><div class='entry-content-wrapper clearfix'>\n<div class='flex_column_table av-5w9n4q-17db873498a6b02fd920af6b03030694 sc-av_one_half av-equal-height-column-flextable'><div  class='flex_column av-5w9n4q-17db873498a6b02fd920af6b03030694 av_one_half  avia-builder-el-2  el_before_av_one_half  avia-builder-el-first  first flex_column_table_cell av-equal-height-column av-align-top'     ><p>\n<style type=\"text\/css\" data-created_by=\"avia_inline_auto\" id=\"style-css-av-lfs4ad27-6785046ff735ac8956d40b937c1a4e03\">\n#top .av-special-heading.av-lfs4ad27-6785046ff735ac8956d40b937c1a4e03{\npadding-bottom:10px;\n}\nbody .av-special-heading.av-lfs4ad27-6785046ff735ac8956d40b937c1a4e03 .av-special-heading-tag .heading-char{\nfont-size:25px;\n}\n.av-special-heading.av-lfs4ad27-6785046ff735ac8956d40b937c1a4e03 .av-subheading{\nfont-size:15px;\n}\n<\/style>\n<div  class='av-special-heading av-lfs4ad27-6785046ff735ac8956d40b937c1a4e03 av-special-heading-h1 blockquote modern-quote  avia-builder-el-3  el_before_av_hr  avia-builder-el-first'><h1 class='av-special-heading-tag'  itemprop=\"headline\"  >Intertekstil Stani\u0107 \u2013 Fair stand<\/h1><div class='av-subheading av-subheading_below'><p>https:\/\/www.intertekstil-stanic.hr<\/p>\n<\/div><div class=\"special-heading-border\"><div class=\"special-heading-inner-border\"><\/div><\/div><\/div><br \/>\n\n<style type=\"text\/css\" data-created_by=\"avia_inline_auto\" id=\"style-css-av-lfs6ud9m-3fb3a55cb14136c78c4582d69d11b940\">\n#top .hr.hr-invisible.av-lfs6ud9m-3fb3a55cb14136c78c4582d69d11b940{\nheight:50px;\n}\n<\/style>\n<div  class='hr av-lfs6ud9m-3fb3a55cb14136c78c4582d69d11b940 hr-invisible  avia-builder-el-4  el_after_av_heading  avia-builder-el-last'><span class='hr-inner'><span class=\"hr-inner-style\"><\/span><\/span><\/div><\/p><\/div><div class='av-flex-placeholder'><\/div><div  class='flex_column av-5utcmg-d23ff79d1221430931c19a59793d9da0 av_one_half  avia-builder-el-5  el_after_av_one_half  avia-builder-el-last  flex_column_table_cell av-equal-height-column av-align-top'     ><section  class='av_textblock_section av-3rr0o8-78adb6193e0e4a1e3089a91833f38cba'   itemscope=\"itemscope\" itemtype=\"https:\/\/schema.org\/BlogPosting\" itemprop=\"blogPost\" ><div class='avia_textblock'  itemprop=\"text\" ><h3>We designed and produced a modular stand for the presentation of textile products of the company Intertekstil Stani\u0107, which presents its products at the 9th International Festival of Gastronomy and Tourism Adriatic Gastro Show in Zadar.<\/h3>\n<h3>The stand elements are modular and can be adjusted according to the shape of the space for the next trade fair or promotional event.<\/h3>\n<\/div><\/section><br \/>\n\n<style type=\"text\/css\" data-created_by=\"avia_inline_auto\" id=\"style-css-av-245yg8-989cb3aa89002c4774f0ba812021af2f\">\n#top .hr.hr-invisible.av-245yg8-989cb3aa89002c4774f0ba812021af2f{\nheight:50px;\n}\n<\/style>\n<div  class='hr av-245yg8-989cb3aa89002c4774f0ba812021af2f hr-invisible  avia-builder-el-7  el_after_av_textblock  avia-builder-el-last'><span class='hr-inner'><span class=\"hr-inner-style\"><\/span><\/span><\/div><\/p><\/div><\/div><!--close column table wrapper. Autoclose: 1 -->\n\n<div id='av-masonry-1' class='av-masonry av-lmkd0ea3-5bd85abf7461f9e5d2b1a9e289eb3388 noHover av-fixed-size av-no-gap av-hover-overlay- av-masonry-animation-active av-masonry-col-4 av-caption-on-hover av-caption-style-overlay av-masonry-gallery av-orientation-landscape-large' data-post_id=\"9167\"><div class=\"av-masonry-container isotope av-js-disabled\"><div class='av-masonry-entry isotope-item av-masonry-item-no-image'><\/div><a href=\"https:\/\/www.balboa.hr\/wp-content\/uploads\/2024\/02\/1-1030x618.jpg\" data-srcset=\"https:\/\/www.balboa.hr\/wp-content\/uploads\/2024\/02\/1-1030x618.jpg 1030w, https:\/\/www.balboa.hr\/wp-content\/uploads\/2024\/02\/1-1536x922.jpg 1536w, https:\/\/www.balboa.hr\/wp-content\/uploads\/2024\/02\/1-18x12.jpg 18w, https:\/\/www.balboa.hr\/wp-content\/uploads\/2024\/02\/1-1500x900.jpg 1500w, https:\/\/www.balboa.hr\/wp-content\/uploads\/2024\/02\/1-705x423.jpg 705w, https:\/\/www.balboa.hr\/wp-content\/uploads\/2024\/02\/1-300x180.jpg 300w, https:\/\/www.balboa.hr\/wp-content\/uploads\/2024\/02\/1-768x461.jpg 768w, https:\/\/www.balboa.hr\/wp-content\/uploads\/2024\/02\/1.jpg 1556w\" data-sizes=\"(max-width: 1030px) 100vw, 1030px\"  aria-label=\"image INTERTEKSTIL STANI\u0106 &#8211; Sajamski \u0161tand sa modularnim elementima\"  id='av-masonry-1-item-9168' data-av-masonry-item='9168' class='av-masonry-entry isotope-item post-9168 attachment type-attachment status-inherit hentry  av-masonry-item-with-image' title=\"INTERTEKSTIL STANI\u0106 &#8211; Sajamski \u0161tand sa modularnim elementima\" alt=\"\"    itemprop=\"thumbnailUrl\" ><div class='av-inner-masonry-sizer'><\/div><figure class='av-inner-masonry main_color'><div class=\"av-masonry-outerimage-container\"><div class='av-masonry-image-container' style=\"background-image: url(https:\/\/www.balboa.hr\/wp-content\/uploads\/2024\/02\/1-705x423.jpg);\"  title=\"INTERTEKSTIL STANI\u0106 &#8211; Sajamski \u0161tand sa modularnim elementima\" ><\/div><\/div><\/figure><\/a><!--end av-masonry entry--><a href=\"https:\/\/www.balboa.hr\/wp-content\/uploads\/2024\/02\/13-1030x618.jpg\" data-srcset=\"https:\/\/www.balboa.hr\/wp-content\/uploads\/2024\/02\/13-1030x618.jpg 1030w, https:\/\/www.balboa.hr\/wp-content\/uploads\/2024\/02\/13-18x12.jpg 18w, https:\/\/www.balboa.hr\/wp-content\/uploads\/2024\/02\/13-705x423.jpg 705w, https:\/\/www.balboa.hr\/wp-content\/uploads\/2024\/02\/13-300x180.jpg 300w, https:\/\/www.balboa.hr\/wp-content\/uploads\/2024\/02\/13-768x461.jpg 768w, https:\/\/www.balboa.hr\/wp-content\/uploads\/2024\/02\/13.jpg 1295w\" data-sizes=\"(max-width: 1030px) 100vw, 1030px\"  aria-label=\"image INTERTEKSTIL STANI\u0106 &#8211; Sajamski \u0161tand\"  id='av-masonry-1-item-9179' data-av-masonry-item='9179' class='av-masonry-entry isotope-item post-9179 attachment type-attachment status-inherit hentry  av-masonry-item-with-image' title=\"INTERTEKSTIL STANI\u0106 - MODULAR EXPO STAND\" alt=\"\"    itemprop=\"thumbnailUrl\" ><div class='av-inner-masonry-sizer'><\/div><figure class='av-inner-masonry main_color'><div class=\"av-masonry-outerimage-container\"><div class='av-masonry-image-container' style=\"background-image: url(https:\/\/www.balboa.hr\/wp-content\/uploads\/2024\/02\/13-705x423.jpg);\"  title=\"INTERTEKSTIL STANI\u0106 - MODULAR EXPO STAND\" ><\/div><\/div><\/figure><\/a><!--end av-masonry entry--><a href=\"https:\/\/www.balboa.hr\/wp-content\/uploads\/2024\/02\/12-1030x618.jpg\" data-srcset=\"https:\/\/www.balboa.hr\/wp-content\/uploads\/2024\/02\/12-1030x618.jpg 1030w, https:\/\/www.balboa.hr\/wp-content\/uploads\/2024\/02\/12-1536x921.jpg 1536w, https:\/\/www.balboa.hr\/wp-content\/uploads\/2024\/02\/12-18x12.jpg 18w, https:\/\/www.balboa.hr\/wp-content\/uploads\/2024\/02\/12-1500x899.jpg 1500w, https:\/\/www.balboa.hr\/wp-content\/uploads\/2024\/02\/12-705x423.jpg 705w, https:\/\/www.balboa.hr\/wp-content\/uploads\/2024\/02\/12-300x180.jpg 300w, https:\/\/www.balboa.hr\/wp-content\/uploads\/2024\/02\/12-768x461.jpg 768w, https:\/\/www.balboa.hr\/wp-content\/uploads\/2024\/02\/12.jpg 1681w\" data-sizes=\"(max-width: 1030px) 100vw, 1030px\"  aria-label=\"image INTERTEKSTIL STANI\u0106 &#8211; Sajamski \u0161tand\"  id='av-masonry-1-item-9178' data-av-masonry-item='9178' class='av-masonry-entry isotope-item post-9178 attachment type-attachment status-inherit hentry  av-masonry-item-with-image' title=\"INTERTEKSTIL STANI\u0106 - MODULAR EXPO STAND\" alt=\"\"    itemprop=\"thumbnailUrl\" ><div class='av-inner-masonry-sizer'><\/div><figure class='av-inner-masonry main_color'><div class=\"av-masonry-outerimage-container\"><div class='av-masonry-image-container' style=\"background-image: url(https:\/\/www.balboa.hr\/wp-content\/uploads\/2024\/02\/12-705x423.jpg);\"  title=\"INTERTEKSTIL STANI\u0106 - MODULAR EXPO STAND\" ><\/div><\/div><\/figure><\/a><!--end av-masonry entry--><a href=\"https:\/\/www.balboa.hr\/wp-content\/uploads\/2024\/02\/11-1030x619.jpg\" data-srcset=\"https:\/\/www.balboa.hr\/wp-content\/uploads\/2024\/02\/11-1030x619.jpg 1030w, https:\/\/www.balboa.hr\/wp-content\/uploads\/2024\/02\/11-18x12.jpg 18w, https:\/\/www.balboa.hr\/wp-content\/uploads\/2024\/02\/11-705x424.jpg 705w, https:\/\/www.balboa.hr\/wp-content\/uploads\/2024\/02\/11-300x180.jpg 300w, https:\/\/www.balboa.hr\/wp-content\/uploads\/2024\/02\/11-768x461.jpg 768w, https:\/\/www.balboa.hr\/wp-content\/uploads\/2024\/02\/11.jpg 1200w\" data-sizes=\"(max-width: 1030px) 100vw, 1030px\"  aria-label=\"image INTERTEKSTIL STANI\u0106 &#8211; Sajamski \u0161tand sa modularnim elementima\"  id='av-masonry-1-item-9177' data-av-masonry-item='9177' class='av-masonry-entry isotope-item post-9177 attachment type-attachment status-inherit hentry  av-masonry-item-with-image' title=\"INTERTEKSTIL STANI\u0106 &#8211; Sajamski \u0161tand sa modularnim elementima\" alt=\"\"    itemprop=\"thumbnailUrl\" ><div class='av-inner-masonry-sizer'><\/div><figure class='av-inner-masonry main_color'><div class=\"av-masonry-outerimage-container\"><div class='av-masonry-image-container' style=\"background-image: url(https:\/\/www.balboa.hr\/wp-content\/uploads\/2024\/02\/11-705x424.jpg);\"  title=\"INTERTEKSTIL STANI\u0106 &#8211; Sajamski \u0161tand sa modularnim elementima\" ><\/div><\/div><\/figure><\/a><!--end av-masonry entry--><a href=\"https:\/\/www.balboa.hr\/wp-content\/uploads\/2024\/02\/10-1030x618.jpg\" data-srcset=\"https:\/\/www.balboa.hr\/wp-content\/uploads\/2024\/02\/10-1030x618.jpg 1030w, https:\/\/www.balboa.hr\/wp-content\/uploads\/2024\/02\/10-1536x922.jpg 1536w, https:\/\/www.balboa.hr\/wp-content\/uploads\/2024\/02\/10-18x12.jpg 18w, https:\/\/www.balboa.hr\/wp-content\/uploads\/2024\/02\/10-1500x900.jpg 1500w, https:\/\/www.balboa.hr\/wp-content\/uploads\/2024\/02\/10-705x423.jpg 705w, https:\/\/www.balboa.hr\/wp-content\/uploads\/2024\/02\/10-300x180.jpg 300w, https:\/\/www.balboa.hr\/wp-content\/uploads\/2024\/02\/10-768x461.jpg 768w, https:\/\/www.balboa.hr\/wp-content\/uploads\/2024\/02\/10.jpg 1698w\" data-sizes=\"(max-width: 1030px) 100vw, 1030px\"  aria-label=\"image INTERTEKSTIL STANI\u0106 &#8211; Sajamski \u0161tand, Ambijetalna rasvijeta\"  id='av-masonry-1-item-9176' data-av-masonry-item='9176' class='av-masonry-entry isotope-item post-9176 attachment type-attachment status-inherit hentry  av-masonry-item-with-image' title=\"INTERTEKSTIL STANI\u0106 &#8211; Sajamski \u0161tand, Ambijetalna rasvijeta\" alt=\"\"    itemprop=\"thumbnailUrl\" ><div class='av-inner-masonry-sizer'><\/div><figure class='av-inner-masonry main_color'><div class=\"av-masonry-outerimage-container\"><div class='av-masonry-image-container' style=\"background-image: url(https:\/\/www.balboa.hr\/wp-content\/uploads\/2024\/02\/10-705x423.jpg);\"  title=\"INTERTEKSTIL STANI\u0106 &#8211; Sajamski \u0161tand, Ambijetalna rasvijeta\" ><\/div><\/div><\/figure><\/a><!--end av-masonry entry--><a href=\"https:\/\/www.balboa.hr\/wp-content\/uploads\/2024\/02\/8-1030x617.jpg\" data-srcset=\"https:\/\/www.balboa.hr\/wp-content\/uploads\/2024\/02\/8-1030x617.jpg 1030w, https:\/\/www.balboa.hr\/wp-content\/uploads\/2024\/02\/8-1536x920.jpg 1536w, https:\/\/www.balboa.hr\/wp-content\/uploads\/2024\/02\/8-18x12.jpg 18w, https:\/\/www.balboa.hr\/wp-content\/uploads\/2024\/02\/8-1500x899.jpg 1500w, https:\/\/www.balboa.hr\/wp-content\/uploads\/2024\/02\/8-705x422.jpg 705w, https:\/\/www.balboa.hr\/wp-content\/uploads\/2024\/02\/8-300x180.jpg 300w, https:\/\/www.balboa.hr\/wp-content\/uploads\/2024\/02\/8-768x460.jpg 768w, https:\/\/www.balboa.hr\/wp-content\/uploads\/2024\/02\/8.jpg 1961w\" data-sizes=\"(max-width: 1030px) 100vw, 1030px\"  aria-label=\"image INTERTEKSTIL STANI\u0106 &#8211; Promo sajamski \u0161tand\"  id='av-masonry-1-item-9175' data-av-masonry-item='9175' class='av-masonry-entry isotope-item post-9175 attachment type-attachment status-inherit hentry  av-masonry-item-with-image' title=\"INTERTEKSTIL STANI\u0106 &#8211; Promo sajamski \u0161tand\" alt=\"\"    itemprop=\"thumbnailUrl\" ><div class='av-inner-masonry-sizer'><\/div><figure class='av-inner-masonry main_color'><div class=\"av-masonry-outerimage-container\"><div class='av-masonry-image-container' style=\"background-image: url(https:\/\/www.balboa.hr\/wp-content\/uploads\/2024\/02\/8-705x422.jpg);\"  title=\"INTERTEKSTIL STANI\u0106 &#8211; Promo sajamski \u0161tand\" ><\/div><\/div><\/figure><\/a><!--end av-masonry entry--><a href=\"https:\/\/www.balboa.hr\/wp-content\/uploads\/2024\/02\/7-1030x618.jpg\" data-srcset=\"https:\/\/www.balboa.hr\/wp-content\/uploads\/2024\/02\/7-1030x618.jpg 1030w, https:\/\/www.balboa.hr\/wp-content\/uploads\/2024\/02\/7-1536x922.jpg 1536w, https:\/\/www.balboa.hr\/wp-content\/uploads\/2024\/02\/7-18x12.jpg 18w, https:\/\/www.balboa.hr\/wp-content\/uploads\/2024\/02\/7-1500x900.jpg 1500w, https:\/\/www.balboa.hr\/wp-content\/uploads\/2024\/02\/7-705x423.jpg 705w, https:\/\/www.balboa.hr\/wp-content\/uploads\/2024\/02\/7-300x180.jpg 300w, https:\/\/www.balboa.hr\/wp-content\/uploads\/2024\/02\/7-768x461.jpg 768w, https:\/\/www.balboa.hr\/wp-content\/uploads\/2024\/02\/7.jpg 2000w\" data-sizes=\"(max-width: 1030px) 100vw, 1030px\"  aria-label=\"image INTERTEKSTIL STANI\u0106 &#8211; Promo sajamski \u0161tand za prezentaciju proizvoda\"  id='av-masonry-1-item-9174' data-av-masonry-item='9174' class='av-masonry-entry isotope-item post-9174 attachment type-attachment status-inherit hentry  av-masonry-item-with-image' title=\"INTERTEKSTIL STANI\u0106 &#8211; Promo sajamski \u0161tand za prezentaciju proizvoda\" alt=\"\"    itemprop=\"thumbnailUrl\" ><div class='av-inner-masonry-sizer'><\/div><figure class='av-inner-masonry main_color'><div class=\"av-masonry-outerimage-container\"><div class='av-masonry-image-container' style=\"background-image: url(https:\/\/www.balboa.hr\/wp-content\/uploads\/2024\/02\/7-705x423.jpg);\"  title=\"INTERTEKSTIL STANI\u0106 &#8211; Promo sajamski \u0161tand za prezentaciju proizvoda\" ><\/div><\/div><\/figure><\/a><!--end av-masonry entry--><a href=\"https:\/\/www.balboa.hr\/wp-content\/uploads\/2024\/02\/6-1030x618.jpg\" data-srcset=\"https:\/\/www.balboa.hr\/wp-content\/uploads\/2024\/02\/6-1030x618.jpg 1030w, https:\/\/www.balboa.hr\/wp-content\/uploads\/2024\/02\/6-1536x922.jpg 1536w, https:\/\/www.balboa.hr\/wp-content\/uploads\/2024\/02\/6-18x12.jpg 18w, https:\/\/www.balboa.hr\/wp-content\/uploads\/2024\/02\/6-1500x900.jpg 1500w, https:\/\/www.balboa.hr\/wp-content\/uploads\/2024\/02\/6-705x423.jpg 705w, https:\/\/www.balboa.hr\/wp-content\/uploads\/2024\/02\/6-300x180.jpg 300w, https:\/\/www.balboa.hr\/wp-content\/uploads\/2024\/02\/6-768x461.jpg 768w, https:\/\/www.balboa.hr\/wp-content\/uploads\/2024\/02\/6.jpg 1600w\" data-sizes=\"(max-width: 1030px) 100vw, 1030px\"  aria-label=\"image INTERTEKSTIL STANI\u0106 &#8211; Sajamski \u0161tand za prezentaciju proizvoda\"  id='av-masonry-1-item-9173' data-av-masonry-item='9173' class='av-masonry-entry isotope-item post-9173 attachment type-attachment status-inherit hentry  av-masonry-item-with-image' title=\"INTERTEKSTIL STANI\u0106 &#8211; Sajamski \u0161tand za prezentaciju proizvoda\" alt=\"\"    itemprop=\"thumbnailUrl\" ><div class='av-inner-masonry-sizer'><\/div><figure class='av-inner-masonry main_color'><div class=\"av-masonry-outerimage-container\"><div class='av-masonry-image-container' style=\"background-image: url(https:\/\/www.balboa.hr\/wp-content\/uploads\/2024\/02\/6-705x423.jpg);\"  title=\"INTERTEKSTIL STANI\u0106 &#8211; Sajamski \u0161tand za prezentaciju proizvoda\" ><\/div><\/div><\/figure><\/a><!--end av-masonry entry--><a href=\"https:\/\/www.balboa.hr\/wp-content\/uploads\/2024\/02\/5-1030x618.jpg\" data-srcset=\"https:\/\/www.balboa.hr\/wp-content\/uploads\/2024\/02\/5-1030x618.jpg 1030w, https:\/\/www.balboa.hr\/wp-content\/uploads\/2024\/02\/5-1536x922.jpg 1536w, https:\/\/www.balboa.hr\/wp-content\/uploads\/2024\/02\/5-18x12.jpg 18w, https:\/\/www.balboa.hr\/wp-content\/uploads\/2024\/02\/5-1500x900.jpg 1500w, https:\/\/www.balboa.hr\/wp-content\/uploads\/2024\/02\/5-705x423.jpg 705w, https:\/\/www.balboa.hr\/wp-content\/uploads\/2024\/02\/5-300x180.jpg 300w, https:\/\/www.balboa.hr\/wp-content\/uploads\/2024\/02\/5-768x461.jpg 768w, https:\/\/www.balboa.hr\/wp-content\/uploads\/2024\/02\/5.jpg 1600w\" data-sizes=\"(max-width: 1030px) 100vw, 1030px\"  aria-label=\"image INTERTEKSTIL STANI\u0106 &#8211; Elementi za prezentaciju tekstilnih proizvoda\"  id='av-masonry-1-item-9172' data-av-masonry-item='9172' class='av-masonry-entry isotope-item post-9172 attachment type-attachment status-inherit hentry  av-masonry-item-with-image' title=\"INTERTEKSTIL STANI\u0106 &#8211; Elementi za prezentaciju tekstilnih proizvoda\" alt=\"\"    itemprop=\"thumbnailUrl\" ><div class='av-inner-masonry-sizer'><\/div><figure class='av-inner-masonry main_color'><div class=\"av-masonry-outerimage-container\"><div class='av-masonry-image-container' style=\"background-image: url(https:\/\/www.balboa.hr\/wp-content\/uploads\/2024\/02\/5-705x423.jpg);\"  title=\"INTERTEKSTIL STANI\u0106 &#8211; Elementi za prezentaciju tekstilnih proizvoda\" ><\/div><\/div><\/figure><\/a><!--end av-masonry entry--><a href=\"https:\/\/www.balboa.hr\/wp-content\/uploads\/2024\/02\/4-1030x618.jpg\" data-srcset=\"https:\/\/www.balboa.hr\/wp-content\/uploads\/2024\/02\/4-1030x618.jpg 1030w, https:\/\/www.balboa.hr\/wp-content\/uploads\/2024\/02\/4-1536x922.jpg 1536w, https:\/\/www.balboa.hr\/wp-content\/uploads\/2024\/02\/4-18x12.jpg 18w, https:\/\/www.balboa.hr\/wp-content\/uploads\/2024\/02\/4-1500x900.jpg 1500w, https:\/\/www.balboa.hr\/wp-content\/uploads\/2024\/02\/4-705x423.jpg 705w, https:\/\/www.balboa.hr\/wp-content\/uploads\/2024\/02\/4-300x180.jpg 300w, https:\/\/www.balboa.hr\/wp-content\/uploads\/2024\/02\/4-768x461.jpg 768w, https:\/\/www.balboa.hr\/wp-content\/uploads\/2024\/02\/4.jpg 1600w\" data-sizes=\"(max-width: 1030px) 100vw, 1030px\"  aria-label=\"image INTERTEKSTIL STANI\u0106 &#8211; Expo \u0161tand\"  id='av-masonry-1-item-9171' data-av-masonry-item='9171' class='av-masonry-entry isotope-item post-9171 attachment type-attachment status-inherit hentry  av-masonry-item-with-image' title=\"INTERTEKSTIL STANI\u0106 &#8211; Expo \u0161tand\" alt=\"\"    itemprop=\"thumbnailUrl\" ><div class='av-inner-masonry-sizer'><\/div><figure class='av-inner-masonry main_color'><div class=\"av-masonry-outerimage-container\"><div class='av-masonry-image-container' style=\"background-image: url(https:\/\/www.balboa.hr\/wp-content\/uploads\/2024\/02\/4-705x423.jpg);\"  title=\"INTERTEKSTIL STANI\u0106 &#8211; Expo \u0161tand\" ><\/div><\/div><\/figure><\/a><!--end av-masonry entry--><a href=\"https:\/\/www.balboa.hr\/wp-content\/uploads\/2024\/02\/3-1030x618.jpg\" data-srcset=\"https:\/\/www.balboa.hr\/wp-content\/uploads\/2024\/02\/3-1030x618.jpg 1030w, https:\/\/www.balboa.hr\/wp-content\/uploads\/2024\/02\/3-1536x922.jpg 1536w, https:\/\/www.balboa.hr\/wp-content\/uploads\/2024\/02\/3-18x12.jpg 18w, https:\/\/www.balboa.hr\/wp-content\/uploads\/2024\/02\/3-1500x900.jpg 1500w, https:\/\/www.balboa.hr\/wp-content\/uploads\/2024\/02\/3-705x423.jpg 705w, https:\/\/www.balboa.hr\/wp-content\/uploads\/2024\/02\/3-300x180.jpg 300w, https:\/\/www.balboa.hr\/wp-content\/uploads\/2024\/02\/3-768x461.jpg 768w, https:\/\/www.balboa.hr\/wp-content\/uploads\/2024\/02\/3.jpg 1600w\" data-sizes=\"(max-width: 1030px) 100vw, 1030px\"  aria-label=\"image INTERTEKSTIL STANI\u0106 &#8211; Modularni promo \u0161tand\"  id='av-masonry-1-item-9170' data-av-masonry-item='9170' class='av-masonry-entry isotope-item post-9170 attachment type-attachment status-inherit hentry  av-masonry-item-with-image' title=\"INTERTEKSTIL STANI\u0106 &#8211; Modularni promo \u0161tand\" alt=\"\"    itemprop=\"thumbnailUrl\" ><div class='av-inner-masonry-sizer'><\/div><figure class='av-inner-masonry main_color'><div class=\"av-masonry-outerimage-container\"><div class='av-masonry-image-container' style=\"background-image: url(https:\/\/www.balboa.hr\/wp-content\/uploads\/2024\/02\/3-705x423.jpg);\"  title=\"INTERTEKSTIL STANI\u0106 &#8211; Modularni promo \u0161tand\" ><\/div><\/div><\/figure><\/a><!--end av-masonry entry--><a href=\"https:\/\/www.balboa.hr\/wp-content\/uploads\/2024\/02\/2-1030x618.jpg\" data-srcset=\"https:\/\/www.balboa.hr\/wp-content\/uploads\/2024\/02\/2-1030x618.jpg 1030w, https:\/\/www.balboa.hr\/wp-content\/uploads\/2024\/02\/2-1536x922.jpg 1536w, https:\/\/www.balboa.hr\/wp-content\/uploads\/2024\/02\/2-18x12.jpg 18w, https:\/\/www.balboa.hr\/wp-content\/uploads\/2024\/02\/2-1500x900.jpg 1500w, https:\/\/www.balboa.hr\/wp-content\/uploads\/2024\/02\/2-705x423.jpg 705w, https:\/\/www.balboa.hr\/wp-content\/uploads\/2024\/02\/2-300x180.jpg 300w, https:\/\/www.balboa.hr\/wp-content\/uploads\/2024\/02\/2-768x461.jpg 768w, https:\/\/www.balboa.hr\/wp-content\/uploads\/2024\/02\/2.jpg 1600w\" data-sizes=\"(max-width: 1030px) 100vw, 1030px\"  aria-label=\"image INTERTEKSTIL STANI\u0106 &#8211; Modularni sajamski \u0161tand\"  id='av-masonry-1-item-9169' data-av-masonry-item='9169' class='av-masonry-entry isotope-item post-9169 attachment type-attachment status-inherit hentry  av-masonry-item-with-image' title=\"INTERTEKSTIL STANI\u0106 - MODULAR EXPO STAND\" alt=\"\"  data-av-masonry-custom-link=\"https:\/\/www.balboa.hr\/intertekstil-stanic-sajamski-stand\/\"  itemprop=\"thumbnailUrl\" ><div class='av-inner-masonry-sizer'><\/div><figure class='av-inner-masonry main_color'><div class=\"av-masonry-outerimage-container\"><div class='av-masonry-image-container' style=\"background-image: url(https:\/\/www.balboa.hr\/wp-content\/uploads\/2024\/02\/2-705x423.jpg);\"  title=\"INTERTEKSTIL STANI\u0106 - MODULAR EXPO STAND\" ><\/div><\/div><\/figure><\/a><!--end av-masonry entry--><\/div><\/div>","protected":false},"excerpt":{"rendered":"<p>Modular stand for the presentation of textile products of the company Intertekstil Stani\u0107.<\/p>","protected":false},"author":1,"featured_media":9170,"comment_status":"closed","ping_status":"closed","sticky":false,"template":"","format":"standard","meta":{"inline_featured_image":false,"footnotes":""},"categories":[1],"tags":[215,229,230,214,231,125,213],"class_list":["post-9167","post","type-post","status-publish","format-standard","has-post-thumbnail","hentry","category-projekti","tag-dizajn-i-proizvodnja","tag-interijeri","tag-modularni-stand","tag-opremanje-interijera","tag-promo-stand","tag-sajamski-standovi","tag-uredenje-interijera"],"yoast_head":"<!-- This site is optimized with the Yoast SEO plugin v27.5 - https:\/\/yoast.com\/product\/yoast-seo-wordpress\/ -->\n<title>Intertekstil Stani\u0107 - Sajamski modularni \u0161tand<\/title>\n<meta name=\"description\" content=\"Modularni sajamski \u0161tand za prezentaciju tekstilnih proizvoda tvrtke Intertekstil Stani\u0107. \u0160tand je modularan i prilagodljiv obliku prostora.\" \/>\n<meta name=\"robots\" content=\"index, follow, max-snippet:-1, max-image-preview:large, max-video-preview:-1\" \/>\n<link rel=\"canonical\" href=\"https:\/\/www.balboa.hr\/en\/intertekstil-stanic-sajamski-stand\/\" \/>\n<meta property=\"og:locale\" content=\"en_US\" \/>\n<meta property=\"og:type\" content=\"article\" \/>\n<meta property=\"og:title\" content=\"Sajamski modularni \u0161tand - Intertekstil Stani\u0107\" \/>\n<meta property=\"og:description\" content=\"Dizajnirali smo i proizveli modularni \u0161tand za prezentaciju tekstilnih proizvoda tvrtke Intertekstil Stani\u0107. Elementi \u0161tanda su modularni te ih je mogu\u0107e prilagoditi prema obliku prostora za slijede\u0111e sajmove ili promotivne evente.\" \/>\n<meta property=\"og:url\" content=\"https:\/\/www.balboa.hr\/en\/intertekstil-stanic-sajamski-stand\/\" \/>\n<meta property=\"og:site_name\" content=\"BALBOA\" \/>\n<meta property=\"article:publisher\" content=\"https:\/\/www.facebook.com\/Balboa-524400414336861\/\" \/>\n<meta property=\"article:published_time\" content=\"2024-02-02T11:59:42+00:00\" \/>\n<meta property=\"article:modified_time\" content=\"2024-02-22T09:22:52+00:00\" \/>\n<meta property=\"og:image\" content=\"https:\/\/www.balboa.hr\/wp-content\/uploads\/2024\/02\/11.jpg\" \/>\n\t<meta property=\"og:image:width\" content=\"1200\" \/>\n\t<meta property=\"og:image:height\" content=\"721\" \/>\n\t<meta property=\"og:image:type\" content=\"image\/jpeg\" \/>\n<meta name=\"author\" content=\"balboa\" \/>\n<meta name=\"twitter:card\" content=\"summary_large_image\" \/>\n<meta name=\"twitter:title\" content=\"Sajamski modularni \u0161tand - Intertekstil Stani\u0107\" \/>\n<meta name=\"twitter:description\" content=\"Dizajnirali smo i proizveli modularni \u0161tand za prezentaciju tekstilnih proizvoda tvrtke Intertekstil Stani\u0107. Elementi \u0161tanda su modularni te ih je mogu\u0107e prilagoditi prema obliku prostora za slijede\u0111e sajmove ili promotivne evente.\" \/>\n<meta name=\"twitter:image\" content=\"https:\/\/www.balboa.hr\/wp-content\/uploads\/2024\/02\/5.jpg\" \/>\n<meta name=\"twitter:label1\" content=\"Written by\" \/>\n\t<meta name=\"twitter:data1\" content=\"balboa\" \/>\n\t<meta name=\"twitter:label2\" content=\"Est. reading time\" \/>\n\t<meta name=\"twitter:data2\" content=\"1 minute\" \/>\n<script type=\"application\/ld+json\" class=\"yoast-schema-graph\">{\"@context\":\"https:\\\/\\\/schema.org\",\"@graph\":[{\"@type\":\"Article\",\"@id\":\"https:\\\/\\\/www.balboa.hr\\\/intertekstil-stanic-sajamski-stand\\\/#article\",\"isPartOf\":{\"@id\":\"https:\\\/\\\/www.balboa.hr\\\/intertekstil-stanic-sajamski-stand\\\/\"},\"author\":{\"name\":\"balboa\",\"@id\":\"https:\\\/\\\/www.balboa.hr\\\/#\\\/schema\\\/person\\\/a760fdf2ac05a363a962e99de45714d0\"},\"headline\":\"Intertekstil Stani\u0107 &#8211; sajamski modularni \u0161tand\",\"datePublished\":\"2024-02-02T11:59:42+00:00\",\"dateModified\":\"2024-02-22T09:22:52+00:00\",\"mainEntityOfPage\":{\"@id\":\"https:\\\/\\\/www.balboa.hr\\\/intertekstil-stanic-sajamski-stand\\\/\"},\"wordCount\":1225,\"publisher\":{\"@id\":\"https:\\\/\\\/www.balboa.hr\\\/#organization\"},\"image\":{\"@id\":\"https:\\\/\\\/www.balboa.hr\\\/intertekstil-stanic-sajamski-stand\\\/#primaryimage\"},\"thumbnailUrl\":\"https:\\\/\\\/www.balboa.hr\\\/wp-content\\\/uploads\\\/2024\\\/02\\\/3.jpg\",\"keywords\":[\"dizajn i proizvodnja\",\"interijeri\",\"modularni \u0161tand\",\"opremanje interijera\",\"promo \u0161tand\",\"sajamski \u0161tandovi\",\"ure\u0111enje interijera\"],\"articleSection\":[\"PROJEKTI\"],\"inLanguage\":\"en-US\"},{\"@type\":\"WebPage\",\"@id\":\"https:\\\/\\\/www.balboa.hr\\\/intertekstil-stanic-sajamski-stand\\\/\",\"url\":\"https:\\\/\\\/www.balboa.hr\\\/intertekstil-stanic-sajamski-stand\\\/\",\"name\":\"Intertekstil Stani\u0107 - Sajamski modularni \u0161tand\",\"isPartOf\":{\"@id\":\"https:\\\/\\\/www.balboa.hr\\\/#website\"},\"primaryImageOfPage\":{\"@id\":\"https:\\\/\\\/www.balboa.hr\\\/intertekstil-stanic-sajamski-stand\\\/#primaryimage\"},\"image\":{\"@id\":\"https:\\\/\\\/www.balboa.hr\\\/intertekstil-stanic-sajamski-stand\\\/#primaryimage\"},\"thumbnailUrl\":\"https:\\\/\\\/www.balboa.hr\\\/wp-content\\\/uploads\\\/2024\\\/02\\\/3.jpg\",\"datePublished\":\"2024-02-02T11:59:42+00:00\",\"dateModified\":\"2024-02-22T09:22:52+00:00\",\"description\":\"Modularni sajamski \u0161tand za prezentaciju tekstilnih proizvoda tvrtke Intertekstil Stani\u0107. \u0160tand je modularan i prilagodljiv obliku prostora.\",\"breadcrumb\":{\"@id\":\"https:\\\/\\\/www.balboa.hr\\\/intertekstil-stanic-sajamski-stand\\\/#breadcrumb\"},\"inLanguage\":\"en-US\",\"potentialAction\":[{\"@type\":\"ReadAction\",\"target\":[\"https:\\\/\\\/www.balboa.hr\\\/intertekstil-stanic-sajamski-stand\\\/\"]}]},{\"@type\":\"ImageObject\",\"inLanguage\":\"en-US\",\"@id\":\"https:\\\/\\\/www.balboa.hr\\\/intertekstil-stanic-sajamski-stand\\\/#primaryimage\",\"url\":\"https:\\\/\\\/www.balboa.hr\\\/wp-content\\\/uploads\\\/2024\\\/02\\\/3.jpg\",\"contentUrl\":\"https:\\\/\\\/www.balboa.hr\\\/wp-content\\\/uploads\\\/2024\\\/02\\\/3.jpg\",\"width\":1600,\"height\":960,\"caption\":\"9. Me\u0111unarodi festival gastronomije i turizma Adriatic Gastro Show, Zadar Intertekstil Stani\u0107\"},{\"@type\":\"BreadcrumbList\",\"@id\":\"https:\\\/\\\/www.balboa.hr\\\/intertekstil-stanic-sajamski-stand\\\/#breadcrumb\",\"itemListElement\":[{\"@type\":\"ListItem\",\"position\":1,\"name\":\"Home\",\"item\":\"https:\\\/\\\/www.balboa.hr\\\/\"},{\"@type\":\"ListItem\",\"position\":2,\"name\":\"Intertekstil Stani\u0107 &#8211; sajamski modularni \u0161tand\"}]},{\"@type\":\"WebSite\",\"@id\":\"https:\\\/\\\/www.balboa.hr\\\/#website\",\"url\":\"https:\\\/\\\/www.balboa.hr\\\/\",\"name\":\"Balboa\",\"description\":\"OPREMANJE I URE\u0110ENJE INTERIJERA\",\"publisher\":{\"@id\":\"https:\\\/\\\/www.balboa.hr\\\/#organization\"},\"alternateName\":\"Balboa\",\"potentialAction\":[{\"@type\":\"SearchAction\",\"target\":{\"@type\":\"EntryPoint\",\"urlTemplate\":\"https:\\\/\\\/www.balboa.hr\\\/?s={search_term_string}\"},\"query-input\":{\"@type\":\"PropertyValueSpecification\",\"valueRequired\":true,\"valueName\":\"search_term_string\"}}],\"inLanguage\":\"en-US\"},{\"@type\":\"Organization\",\"@id\":\"https:\\\/\\\/www.balboa.hr\\\/#organization\",\"name\":\"Balboa Design and Production\",\"alternateName\":\"Balboa Design and Production\",\"url\":\"https:\\\/\\\/www.balboa.hr\\\/\",\"logo\":{\"@type\":\"ImageObject\",\"inLanguage\":\"en-US\",\"@id\":\"https:\\\/\\\/www.balboa.hr\\\/#\\\/schema\\\/logo\\\/image\\\/\",\"url\":\"https:\\\/\\\/www.balboa.hr\\\/wp-content\\\/uploads\\\/2026\\\/03\\\/icon-brown@2x.webp\",\"contentUrl\":\"https:\\\/\\\/www.balboa.hr\\\/wp-content\\\/uploads\\\/2026\\\/03\\\/icon-brown@2x.webp\",\"width\":620,\"height\":620,\"caption\":\"Balboa Design and Production\"},\"image\":{\"@id\":\"https:\\\/\\\/www.balboa.hr\\\/#\\\/schema\\\/logo\\\/image\\\/\"},\"sameAs\":[\"https:\\\/\\\/www.facebook.com\\\/Balboa-524400414336861\\\/\",\"https:\\\/\\\/www.linkedin.com\\\/company\\\/balboa-croatia\\\/\",\"https:\\\/\\\/www.youtube.com\\\/@balboa-croatia\"]},{\"@type\":\"Person\",\"@id\":\"https:\\\/\\\/www.balboa.hr\\\/#\\\/schema\\\/person\\\/a760fdf2ac05a363a962e99de45714d0\",\"name\":\"balboa\",\"image\":{\"@type\":\"ImageObject\",\"inLanguage\":\"en-US\",\"@id\":\"https:\\\/\\\/secure.gravatar.com\\\/avatar\\\/56344bb38ed452c0e12415972b8a4089f9d4f7b3235a7a1588e778965e7665e3?s=96&d=mm&r=g\",\"url\":\"https:\\\/\\\/secure.gravatar.com\\\/avatar\\\/56344bb38ed452c0e12415972b8a4089f9d4f7b3235a7a1588e778965e7665e3?s=96&d=mm&r=g\",\"contentUrl\":\"https:\\\/\\\/secure.gravatar.com\\\/avatar\\\/56344bb38ed452c0e12415972b8a4089f9d4f7b3235a7a1588e778965e7665e3?s=96&d=mm&r=g\",\"caption\":\"balboa\"},\"url\":\"https:\\\/\\\/www.balboa.hr\\\/en\\\/author\\\/balboa\\\/\"}]}<\/script>\n<!-- \/ Yoast SEO plugin. -->","yoast_head_json":{"title":"Intertekstil Stani\u0107 - Fair modular stand","description":"Modular fair stand for the presentation of textile products of the company Intertekstil Stani\u0107. The stand is modular and adaptable to the shape of the space.","robots":{"index":"index","follow":"follow","max-snippet":"max-snippet:-1","max-image-preview":"max-image-preview:large","max-video-preview":"max-video-preview:-1"},"canonical":"https:\/\/www.balboa.hr\/en\/intertekstil-stanic-sajamski-stand\/","og_locale":"en_US","og_type":"article","og_title":"Sajamski modularni \u0161tand - Intertekstil Stani\u0107","og_description":"Dizajnirali smo i proizveli modularni \u0161tand za prezentaciju tekstilnih proizvoda tvrtke Intertekstil Stani\u0107. Elementi \u0161tanda su modularni te ih je mogu\u0107e prilagoditi prema obliku prostora za slijede\u0111e sajmove ili promotivne evente.","og_url":"https:\/\/www.balboa.hr\/en\/intertekstil-stanic-sajamski-stand\/","og_site_name":"BALBOA","article_publisher":"https:\/\/www.facebook.com\/Balboa-524400414336861\/","article_published_time":"2024-02-02T11:59:42+00:00","article_modified_time":"2024-02-22T09:22:52+00:00","og_image":[{"width":1200,"height":721,"url":"https:\/\/www.balboa.hr\/wp-content\/uploads\/2024\/02\/11.jpg","type":"image\/jpeg"}],"author":"balboa","twitter_card":"summary_large_image","twitter_title":"Sajamski modularni \u0161tand - Intertekstil Stani\u0107","twitter_description":"Dizajnirali smo i proizveli modularni \u0161tand za prezentaciju tekstilnih proizvoda tvrtke Intertekstil Stani\u0107. Elementi \u0161tanda su modularni te ih je mogu\u0107e prilagoditi prema obliku prostora za slijede\u0111e sajmove ili promotivne evente.","twitter_image":"https:\/\/www.balboa.hr\/wp-content\/uploads\/2024\/02\/5.jpg","twitter_misc":{"Written by":"balboa","Est. reading time":"1 minute"},"schema":{"@context":"https:\/\/schema.org","@graph":[{"@type":"Article","@id":"https:\/\/www.balboa.hr\/intertekstil-stanic-sajamski-stand\/#article","isPartOf":{"@id":"https:\/\/www.balboa.hr\/intertekstil-stanic-sajamski-stand\/"},"author":{"name":"balboa","@id":"https:\/\/www.balboa.hr\/#\/schema\/person\/a760fdf2ac05a363a962e99de45714d0"},"headline":"Intertekstil Stani\u0107 &#8211; sajamski modularni \u0161tand","datePublished":"2024-02-02T11:59:42+00:00","dateModified":"2024-02-22T09:22:52+00:00","mainEntityOfPage":{"@id":"https:\/\/www.balboa.hr\/intertekstil-stanic-sajamski-stand\/"},"wordCount":1225,"publisher":{"@id":"https:\/\/www.balboa.hr\/#organization"},"image":{"@id":"https:\/\/www.balboa.hr\/intertekstil-stanic-sajamski-stand\/#primaryimage"},"thumbnailUrl":"https:\/\/www.balboa.hr\/wp-content\/uploads\/2024\/02\/3.jpg","keywords":["dizajn i proizvodnja","interijeri","modularni \u0161tand","opremanje interijera","promo \u0161tand","sajamski \u0161tandovi","ure\u0111enje interijera"],"articleSection":["PROJEKTI"],"inLanguage":"en-US"},{"@type":"WebPage","@id":"https:\/\/www.balboa.hr\/intertekstil-stanic-sajamski-stand\/","url":"https:\/\/www.balboa.hr\/intertekstil-stanic-sajamski-stand\/","name":"Intertekstil Stani\u0107 - Fair modular stand","isPartOf":{"@id":"https:\/\/www.balboa.hr\/#website"},"primaryImageOfPage":{"@id":"https:\/\/www.balboa.hr\/intertekstil-stanic-sajamski-stand\/#primaryimage"},"image":{"@id":"https:\/\/www.balboa.hr\/intertekstil-stanic-sajamski-stand\/#primaryimage"},"thumbnailUrl":"https:\/\/www.balboa.hr\/wp-content\/uploads\/2024\/02\/3.jpg","datePublished":"2024-02-02T11:59:42+00:00","dateModified":"2024-02-22T09:22:52+00:00","description":"Modular fair stand for the presentation of textile products of the company Intertekstil Stani\u0107. The stand is modular and adaptable to the shape of the space.","breadcrumb":{"@id":"https:\/\/www.balboa.hr\/intertekstil-stanic-sajamski-stand\/#breadcrumb"},"inLanguage":"en-US","potentialAction":[{"@type":"ReadAction","target":["https:\/\/www.balboa.hr\/intertekstil-stanic-sajamski-stand\/"]}]},{"@type":"ImageObject","inLanguage":"en-US","@id":"https:\/\/www.balboa.hr\/intertekstil-stanic-sajamski-stand\/#primaryimage","url":"https:\/\/www.balboa.hr\/wp-content\/uploads\/2024\/02\/3.jpg","contentUrl":"https:\/\/www.balboa.hr\/wp-content\/uploads\/2024\/02\/3.jpg","width":1600,"height":960,"caption":"9. Me\u0111unarodi festival gastronomije i turizma Adriatic Gastro Show, Zadar Intertekstil Stani\u0107"},{"@type":"BreadcrumbList","@id":"https:\/\/www.balboa.hr\/intertekstil-stanic-sajamski-stand\/#breadcrumb","itemListElement":[{"@type":"ListItem","position":1,"name":"Home","item":"https:\/\/www.balboa.hr\/"},{"@type":"ListItem","position":2,"name":"Intertekstil Stani\u0107 &#8211; sajamski modularni \u0161tand"}]},{"@type":"WebSite","@id":"https:\/\/www.balboa.hr\/#website","url":"https:\/\/www.balboa.hr\/","name":"Balboa","description":"OPREMANJE I URE\u0110ENJE INTERIJERA","publisher":{"@id":"https:\/\/www.balboa.hr\/#organization"},"alternateName":"Balboa","potentialAction":[{"@type":"SearchAction","target":{"@type":"EntryPoint","urlTemplate":"https:\/\/www.balboa.hr\/?s={search_term_string}"},"query-input":{"@type":"PropertyValueSpecification","valueRequired":true,"valueName":"search_term_string"}}],"inLanguage":"en-US"},{"@type":"Organization","@id":"https:\/\/www.balboa.hr\/#organization","name":"Balboa Design and Production","alternateName":"Balboa Design and Production","url":"https:\/\/www.balboa.hr\/","logo":{"@type":"ImageObject","inLanguage":"en-US","@id":"https:\/\/www.balboa.hr\/#\/schema\/logo\/image\/","url":"https:\/\/www.balboa.hr\/wp-content\/uploads\/2026\/03\/icon-brown@2x.webp","contentUrl":"https:\/\/www.balboa.hr\/wp-content\/uploads\/2026\/03\/icon-brown@2x.webp","width":620,"height":620,"caption":"Balboa Design and Production"},"image":{"@id":"https:\/\/www.balboa.hr\/#\/schema\/logo\/image\/"},"sameAs":["https:\/\/www.facebook.com\/Balboa-524400414336861\/","https:\/\/www.linkedin.com\/company\/balboa-croatia\/","https:\/\/www.youtube.com\/@balboa-croatia"]},{"@type":"Person","@id":"https:\/\/www.balboa.hr\/#\/schema\/person\/a760fdf2ac05a363a962e99de45714d0","name":"balboa","image":{"@type":"ImageObject","inLanguage":"en-US","@id":"https:\/\/secure.gravatar.com\/avatar\/56344bb38ed452c0e12415972b8a4089f9d4f7b3235a7a1588e778965e7665e3?s=96&d=mm&r=g","url":"https:\/\/secure.gravatar.com\/avatar\/56344bb38ed452c0e12415972b8a4089f9d4f7b3235a7a1588e778965e7665e3?s=96&d=mm&r=g","contentUrl":"https:\/\/secure.gravatar.com\/avatar\/56344bb38ed452c0e12415972b8a4089f9d4f7b3235a7a1588e778965e7665e3?s=96&d=mm&r=g","caption":"balboa"},"url":"https:\/\/www.balboa.hr\/en\/author\/balboa\/"}]}},"_links":{"self":[{"href":"https:\/\/www.balboa.hr\/en\/wp-json\/wp\/v2\/posts\/9167","targetHints":{"allow":["GET"]}}],"collection":[{"href":"https:\/\/www.balboa.hr\/en\/wp-json\/wp\/v2\/posts"}],"about":[{"href":"https:\/\/www.balboa.hr\/en\/wp-json\/wp\/v2\/types\/post"}],"author":[{"embeddable":true,"href":"https:\/\/www.balboa.hr\/en\/wp-json\/wp\/v2\/users\/1"}],"replies":[{"embeddable":true,"href":"https:\/\/www.balboa.hr\/en\/wp-json\/wp\/v2\/comments?post=9167"}],"version-history":[{"count":0,"href":"https:\/\/www.balboa.hr\/en\/wp-json\/wp\/v2\/posts\/9167\/revisions"}],"wp:featuredmedia":[{"embeddable":true,"href":"https:\/\/www.balboa.hr\/en\/wp-json\/wp\/v2\/media\/9170"}],"wp:attachment":[{"href":"https:\/\/www.balboa.hr\/en\/wp-json\/wp\/v2\/media?parent=9167"}],"wp:term":[{"taxonomy":"category","embeddable":true,"href":"https:\/\/www.balboa.hr\/en\/wp-json\/wp\/v2\/categories?post=9167"},{"taxonomy":"post_tag","embeddable":true,"href":"https:\/\/www.balboa.hr\/en\/wp-json\/wp\/v2\/tags?post=9167"}],"curies":[{"name":"wp","href":"https:\/\/api.w.org\/{rel}","templated":true}]}}